{"id":4749,"date":"2025-01-30T09:22:02","date_gmt":"2025-01-30T08:22:02","guid":{"rendered":"https:\/\/www.feuerwehr-burgau.de\/?p=4749"},"modified":"2025-01-30T09:22:04","modified_gmt":"2025-01-30T08:22:04","slug":"florian-burgau-1-40-1-geht-in-rente","status":"publish","type":"post","link":"https:\/\/www.feuerwehr-burgau.de\/index.php\/florian-burgau-1-40-1-geht-in-rente\/","title":{"rendered":"Florian Burgau 1\/40\/1 geht in Rente"},"content":{"rendered":"\n<p>Unser LF 16\/12 hat etwas fr\u00fcher als geplant selbstst\u00e4ndig seinen Eintritt in den Feuerwehr-Ruhestand beschlossen. Im Rahmen einer Bewegungsfahrt Mitte Januar trat ein Defekt am Bremssystem an der Vorderachse auf &#8211; mit deutlich sp\u00fcrbaren Auswirkungen auf das Bremsverhalten, vor allem bei h\u00f6heren Geschwindigkeiten. Eine Au\u00dferbetriebnahme war daher unausweichlich, da jedoch die Reparaturkosten \u00fcber die H\u00e4lfte des voraussichtlichen Restwerts ausmachen, wird &#8222;Florian Burgau 1\/40\/1&#8220; mit dem heutigen Datum dauerhaft aus dem Dienst entlassen und abgemeldet. <\/p>\n\n\n\n<p>Eigentlich h\u00e4tten wir dies erst mit Lieferung der beiden bereits 2022 bestellten HLF20 vornehmen wollen, doch das Sicherheitsrisiko ist zu hoch, als dass mit defektem Bremssystem noch Einsatzfahrten durchgef\u00fchrt werden k\u00f6nnten. Bis zum aktuell geplanten Liefertermin der beiden Neufahrzeuge im M\u00e4rz 2025 m\u00fcssen wir uns nun je nach Einsatzstichwort mit anderen Einsatzmitteln (TLF\/KLF\/AB-R\u00fcst) behelfen und die L\u00fccke \u00fcberbr\u00fccken. Grunds\u00e4tzlich sind jedoch noch ausreichend wasserf\u00fchrende Fahrzeuge und Rettungss\u00e4tze am Standort vorhanden, sodass die Einsatzf\u00e4higkeit der FF Burgau weiterhin gegeben ist. Nach Au\u00dferdienststellung wird das L\u00f6schfahrzeug dann demn\u00e4chst \u00fcber eine Online-Plattform versteigert werden und bekommt vielleicht noch ein zweites Leben au\u00dferhalb der Feuerwehr.<\/p>\n\n\n\n<p>Ein wenig wehm\u00fctig verabschieden wir uns nun von unserem LF, das in 30 Jahren Einsatzdienst (1995-2025) immerhin 28.666 Kilometer abgespult und uns gl\u00fccklicherweise stets heil von allen Eins\u00e4tzen zur\u00fcckgebracht hat.<\/p>\n","protected":false},"excerpt":{"rendered":"<p>Unser LF 16\/12 hat etwas fr\u00fcher als geplant selbstst\u00e4ndig seinen Eintritt in den Feuerwehr-Ruhestand beschlossen. Im Rahmen einer Bewegungsfahrt Mitte<\/p>\n","protected":false},"author":7,"featured_media":4751,"comment_status":"closed","ping_status":"closed","sticky":false,"template":"","format":"standard","meta":{"colormag_page_container_layout":"default_layout","colormag_page_sidebar_layout":"default_layout","footnotes":""},"categories":[10],"tags":[],"class_list":["post-4749","post","type-post","status-publish","format-standard","has-post-thumbnail","hentry","category-information"],"_links":{"self":[{"href":"https:\/\/www.feuerwehr-burgau.de\/index.php\/wp-json\/wp\/v2\/posts\/4749","targetHints":{"allow":["GET"]}}],"collection":[{"href":"https:\/\/www.feuerwehr-burgau.de\/index.php\/wp-json\/wp\/v2\/posts"}],"about":[{"href":"https:\/\/www.feuerwehr-burgau.de\/index.php\/wp-json\/wp\/v2\/types\/post"}],"author":[{"embeddable":true,"href":"https:\/\/www.feuerwehr-burgau.de\/index.php\/wp-json\/wp\/v2\/users\/7"}],"replies":[{"embeddable":true,"href":"https:\/\/www.feuerwehr-burgau.de\/index.php\/wp-json\/wp\/v2\/comments?post=4749"}],"version-history":[{"count":2,"href":"https:\/\/www.feuerwehr-burgau.de\/index.php\/wp-json\/wp\/v2\/posts\/4749\/revisions"}],"predecessor-version":[{"id":4752,"href":"https:\/\/www.feuerwehr-burgau.de\/index.php\/wp-json\/wp\/v2\/posts\/4749\/revisions\/4752"}],"wp:featuredmedia":[{"embeddable":true,"href":"https:\/\/www.feuerwehr-burgau.de\/index.php\/wp-json\/wp\/v2\/media\/4751"}],"wp:attachment":[{"href":"https:\/\/www.feuerwehr-burgau.de\/index.php\/wp-json\/wp\/v2\/media?parent=4749"}],"wp:term":[{"taxonomy":"category","embeddable":true,"href":"https:\/\/www.feuerwehr-burgau.de\/index.php\/wp-json\/wp\/v2\/categories?post=4749"},{"taxonomy":"post_tag","embeddable":true,"href":"https:\/\/www.feuerwehr-burgau.de\/index.php\/wp-json\/wp\/v2\/tags?post=4749"}],"curies":[{"name":"wp","href":"https:\/\/api.w.org\/{rel}","templated":true}]}}