{"id":4244,"date":"2024-05-06T11:37:06","date_gmt":"2024-05-06T09:37:06","guid":{"rendered":"https:\/\/www.feuerwehr-burgau.de\/?p=4244"},"modified":"2024-06-20T15:44:22","modified_gmt":"2024-06-20T13:44:22","slug":"haufenweise-abzeichen-fuer-die-burgauer-aktiven","status":"publish","type":"post","link":"https:\/\/www.feuerwehr-burgau.de\/index.php\/haufenweise-abzeichen-fuer-die-burgauer-aktiven\/","title":{"rendered":"Haufenweise Abzeichen f\u00fcr die Burgauer Aktiven"},"content":{"rendered":"\n<p>Gleich vier Gruppen der aktiven Wehr legten im Laufe dieser Woche die Leistungspr\u00fcfung zur &#8222;Gruppe im technischen Hilfeleistungseinsatz&#8220; ab. 35 Kameraden konnten Abzeichen in den unterschiedlichsten Stufen von Bronze \u00fcber Silber bis zur h\u00f6chsten Stufe in Gold-Rot entgegennehmen. <\/p>\n\n\n\n<p>Im Gegensatz zur klassischen Leistungspr\u00fcfung &#8222;Die Gruppe im L\u00f6scheinsatz&#8220; steht bei dieser Variante der richtige Umgang mit den Ger\u00e4ten des hydraulischen Rettungssatzes im Mittelpunkt. Fiktives Ziel ist die Befreiung einer eingeklemmten Person aus einem Unfallfahrzeug. Von den Schiedsrichtern der Kreisbrandinspektion wird neben der korrekten Handhabung von Schere und Spreizer auch auf die Bereitstellung weiterer Werkzeuge wie Glas-Management, Rettungszylinder, Schwelleraufsatz uvm. geachtet. Weiterhin ist innerhalb der H\u00f6chstdauer von vier Minuten die verletzte Person zu betreuen, der Brandschutz am Unfallfahrzeug sicherzustellen und die Einsatzstelle abzusichern und auszuleuchten.<\/p>\n\n\n\n<p>Alle vier Gruppen haben ihre Leistungspr\u00fcfung erfolgreich abgelegt und k\u00f6nnen nun &#8211; falls nicht bereits die H\u00f6chststufe erreicht &#8211; in zwei Jahren das n\u00e4chste Mal wieder antreten.<\/p>\n\n\n\n<figure class=\"wp-block-gallery has-nested-images columns-default is-cropped wp-block-gallery-1 is-layout-flex wp-block-gallery-is-layout-flex\">\n<figure class=\"wp-block-image size-large\"><img decoding=\"async\" data-id=\"4248\" src=\"https:\/\/www.feuerwehr-burgau.de\/wp-content\/uploads\/2024\/05\/20240503_193450-1024x768.jpg\" alt=\"\" class=\"wp-image-4248\"\/><figcaption class=\"wp-element-caption\">Bereitstellung der Ger\u00e4te<\/figcaption><\/figure>\n\n\n\n<figure class=\"wp-block-image size-large\"><img decoding=\"async\" data-id=\"4247\" src=\"https:\/\/www.feuerwehr-burgau.de\/wp-content\/uploads\/2024\/05\/20240503_193645-1024x768.jpg\" alt=\"\" class=\"wp-image-4247\"\/><figcaption class=\"wp-element-caption\">Bedienung von Schere\/Spreizer<\/figcaption><\/figure>\n\n\n\n<figure class=\"wp-block-image size-large\"><img loading=\"lazy\" decoding=\"async\" width=\"1024\" height=\"768\" data-id=\"4246\" src=\"https:\/\/www.feuerwehr-burgau.de\/wp-content\/uploads\/2024\/05\/IMG-20240429-WA0003-1024x768.jpg\" alt=\"\" class=\"wp-image-4246\" srcset=\"https:\/\/www.feuerwehr-burgau.de\/wp-content\/uploads\/2024\/05\/IMG-20240429-WA0003-1024x768.jpg 1024w, https:\/\/www.feuerwehr-burgau.de\/wp-content\/uploads\/2024\/05\/IMG-20240429-WA0003-300x225.jpg 300w, https:\/\/www.feuerwehr-burgau.de\/wp-content\/uploads\/2024\/05\/IMG-20240429-WA0003-768x576.jpg 768w, https:\/\/www.feuerwehr-burgau.de\/wp-content\/uploads\/2024\/05\/IMG-20240429-WA0003-1536x1152.jpg 1536w, https:\/\/www.feuerwehr-burgau.de\/wp-content\/uploads\/2024\/05\/IMG-20240429-WA0003.jpg 1600w\" sizes=\"auto, (max-width: 1024px) 100vw, 1024px\" \/><\/figure>\n<\/figure>\n","protected":false},"excerpt":{"rendered":"<p>Gleich vier Gruppen der aktiven Wehr legten im Laufe dieser Woche die Leistungspr\u00fcfung zur &#8222;Gruppe im technischen Hilfeleistungseinsatz&#8220; ab. 35<\/p>\n","protected":false},"author":7,"featured_media":4245,"comment_status":"closed","ping_status":"closed","sticky":false,"template":"","format":"standard","meta":{"colormag_page_container_layout":"default_layout","colormag_page_sidebar_layout":"default_layout","footnotes":""},"categories":[10],"tags":[],"class_list":["post-4244","post","type-post","status-publish","format-standard","has-post-thumbnail","hentry","category-information"],"_links":{"self":[{"href":"https:\/\/www.feuerwehr-burgau.de\/index.php\/wp-json\/wp\/v2\/posts\/4244","targetHints":{"allow":["GET"]}}],"collection":[{"href":"https:\/\/www.feuerwehr-burgau.de\/index.php\/wp-json\/wp\/v2\/posts"}],"about":[{"href":"https:\/\/www.feuerwehr-burgau.de\/index.php\/wp-json\/wp\/v2\/types\/post"}],"author":[{"embeddable":true,"href":"https:\/\/www.feuerwehr-burgau.de\/index.php\/wp-json\/wp\/v2\/users\/7"}],"replies":[{"embeddable":true,"href":"https:\/\/www.feuerwehr-burgau.de\/index.php\/wp-json\/wp\/v2\/comments?post=4244"}],"version-history":[{"count":3,"href":"https:\/\/www.feuerwehr-burgau.de\/index.php\/wp-json\/wp\/v2\/posts\/4244\/revisions"}],"predecessor-version":[{"id":4355,"href":"https:\/\/www.feuerwehr-burgau.de\/index.php\/wp-json\/wp\/v2\/posts\/4244\/revisions\/4355"}],"wp:featuredmedia":[{"embeddable":true,"href":"https:\/\/www.feuerwehr-burgau.de\/index.php\/wp-json\/wp\/v2\/media\/4245"}],"wp:attachment":[{"href":"https:\/\/www.feuerwehr-burgau.de\/index.php\/wp-json\/wp\/v2\/media?parent=4244"}],"wp:term":[{"taxonomy":"category","embeddable":true,"href":"https:\/\/www.feuerwehr-burgau.de\/index.php\/wp-json\/wp\/v2\/categories?post=4244"},{"taxonomy":"post_tag","embeddable":true,"href":"https:\/\/www.feuerwehr-burgau.de\/index.php\/wp-json\/wp\/v2\/tags?post=4244"}],"curies":[{"name":"wp","href":"https:\/\/api.w.org\/{rel}","templated":true}]}}