{"id":4163,"date":"2024-02-24T11:47:50","date_gmt":"2024-02-24T10:47:50","guid":{"rendered":"https:\/\/www.feuerwehr-burgau.de\/?p=4163"},"modified":"2024-06-20T15:47:16","modified_gmt":"2024-06-20T13:47:16","slug":"hans-peter-merz-fuer-weitere-sechs-jahre-wiedergewaehlt","status":"publish","type":"post","link":"https:\/\/www.feuerwehr-burgau.de\/index.php\/hans-peter-merz-fuer-weitere-sechs-jahre-wiedergewaehlt\/","title":{"rendered":"Hans-Peter Merz f\u00fcr weitere sechs Jahre wiedergew\u00e4hlt"},"content":{"rendered":"\n<p>Am gestrigen Freitag fand die Dienstversammlung der Feuerwehr Burgau mit der L\u00f6schgruppe Gro\u00dfanhausen f\u00fcr das Kalenderjahr 2024 statt. 1. B\u00fcrgermeister Martin Brenner f\u00fchrte durch den Abend und stellte gleich zu Beginn die Haushaltszahlen des vergangenen und des laufenden Haushaltsjahres vor. Neben dem kompletten Tausch der THL-Handschuhe war nat\u00fcrlich der Erweiterungsbau der gr\u00f6\u00dfte Ausgabeposten. Doch auch die Abrechnung zahlreicher geleisteter Eins\u00e4tze sp\u00fclte im Gegenzug wieder etwas Geld in die Stadtkasse. Der gr\u00f6\u00dfte Ausgabeposten in 2024 werden die beiden neuen HLF20 sein &#8211; die jedoch im Vergleich zu den mittlerweile aufgerufenen Preisen (Kostensteigerung von 2022 zu 2024 fast 150 %) noch geradezu g\u00fcnstig erscheinen. <\/p>\n\n\n\n<p>Nicht die Feuerwehr verlangt teure Anschaffungen, sondern die Entwicklung der Stadt Burgau mit all ihren wachsenden Betrieben, \u00f6ffentlichen Einrichtungen und Einwohnern &#8211; mit diesem Grundsatz begann 1. Kommandant Hans-Peter Merz seinen T\u00e4tigkeitsbericht. Im Schnelldurchgang lie\u00df er die Meilensteine des vergangenen Jahres Revue passieren, neben 243 Eins\u00e4tzen, darunter die Brandstiftungsserie in der Innenstadt und \u00fcber 60 Eins\u00e4tze auf der Autobahn A8, auch die erfolgreich durchgef\u00fchrten Lehrg\u00e4nge zur Modularen Truppausbildung (MTA) und zum Atemschutzger\u00e4tetr\u00e4ger. Auch bei zahlreichen Sicherheitswachen und Verkehrsabsicherungen bei \u00f6ffentlichen Veranstaltungen wurde Dienst geleistet und somit das kulturelle Leben in der Stadt unterst\u00fctzt &#8211; von Historischem Fest \u00fcber das Faschingstreiben bis hin zum Storchenfest. Hierf\u00fcr bedankte sich auch B\u00fcrgermeister Brenner nocheinmal ausdr\u00fccklich. <\/p>\n\n\n\n<p>Im Anschluss stellten die Fachbereiche jeweils kurz ihre absolvierten T\u00e4tigkeiten vor. Florian Wirth hatte hierbei die besondere Gelegenheit, den neu gegr\u00fcndeten Fachbereich &#8222;Erste Hilfe\/Sanit\u00e4tsdienst&#8220; den anwesenden Kameraden und Stadtratsmitgliedern zu pr\u00e4sentieren. Die Fachgruppe bildet sich aktuell stetig fort und soll ggf. zuk\u00fcnftig eigenst\u00e4ndig alarmierbar sein, um f\u00fcr die st\u00e4dtische Bev\u00f6lkerung die (manchmal) vorhandene L\u00fccke zwischen Notruf und tats\u00e4chlichem Eintreffen des Rettungsdienstes zu schlie\u00dfen. Aktuell laufen hierf\u00fcr noch die Abstimmungen zwischen Landratsamt, Leitstelle, Stadt und Feuerwehr.<\/p>\n\n\n\n<p>Turnusgem\u00e4\u00df stand auch die Wahl des 1. Kommandanten auf der Tagesordnung. Hans-Peter Merz stellte sich wieder zur Wahl und wurde auch mit gro\u00dfer Stimmenmehrheit best\u00e4tigt. Er bedankte sich f\u00fcr die bisherige Zusammenarbeit und lie\u00df zeitgleich auch den Blick in die Zukunft schweifen, verbunden mit dem Wunsch am Ende der jetzt beginnenden sechsj\u00e4hrigen Amtszeit einen Nachfolger gefunden und eingearbeitet zu haben. Zu guter Letzt wurden Michael Miller und Gerhard Maier aufgrund des altersbedingten Ausscheidens aus dem aktiven Dienst nach ihrer jahrzehntelangen Dienstzeit geehrt und mit einem kleinen Geschenk verabschiedet.<\/p>\n\n\n\n<figure class=\"wp-block-gallery has-nested-images columns-default is-cropped wp-block-gallery-1 is-layout-flex wp-block-gallery-is-layout-flex\">\n<figure class=\"wp-block-image size-large\"><img loading=\"lazy\" decoding=\"async\" width=\"1024\" height=\"768\" data-id=\"4166\" src=\"https:\/\/www.feuerwehr-burgau.de\/wp-content\/uploads\/2024\/02\/20240223_201533-1024x768.jpg\" alt=\"\" class=\"wp-image-4166\" srcset=\"https:\/\/www.feuerwehr-burgau.de\/wp-content\/uploads\/2024\/02\/20240223_201533-1024x768.jpg 1024w, https:\/\/www.feuerwehr-burgau.de\/wp-content\/uploads\/2024\/02\/20240223_201533-300x225.jpg 300w, https:\/\/www.feuerwehr-burgau.de\/wp-content\/uploads\/2024\/02\/20240223_201533-768x576.jpg 768w, https:\/\/www.feuerwehr-burgau.de\/wp-content\/uploads\/2024\/02\/20240223_201533-1536x1152.jpg 1536w, https:\/\/www.feuerwehr-burgau.de\/wp-content\/uploads\/2024\/02\/20240223_201533-2048x1536.jpg 2048w\" sizes=\"auto, (max-width: 1024px) 100vw, 1024px\" \/><figcaption class=\"wp-element-caption\">Verabschiedung Michael Miller<\/figcaption><\/figure>\n\n\n\n<figure class=\"wp-block-image size-large\"><img loading=\"lazy\" decoding=\"async\" width=\"1024\" height=\"768\" data-id=\"4165\" src=\"https:\/\/www.feuerwehr-burgau.de\/wp-content\/uploads\/2024\/02\/20240223_201709-1024x768.jpg\" alt=\"\" class=\"wp-image-4165\" srcset=\"https:\/\/www.feuerwehr-burgau.de\/wp-content\/uploads\/2024\/02\/20240223_201709-1024x768.jpg 1024w, https:\/\/www.feuerwehr-burgau.de\/wp-content\/uploads\/2024\/02\/20240223_201709-300x225.jpg 300w, https:\/\/www.feuerwehr-burgau.de\/wp-content\/uploads\/2024\/02\/20240223_201709-768x576.jpg 768w, https:\/\/www.feuerwehr-burgau.de\/wp-content\/uploads\/2024\/02\/20240223_201709-1536x1152.jpg 1536w, https:\/\/www.feuerwehr-burgau.de\/wp-content\/uploads\/2024\/02\/20240223_201709-2048x1536.jpg 2048w\" sizes=\"auto, (max-width: 1024px) 100vw, 1024px\" \/><figcaption class=\"wp-element-caption\">Verabschiedung Gerhard Maier<\/figcaption><\/figure>\n<\/figure>\n","protected":false},"excerpt":{"rendered":"<p>Am gestrigen Freitag fand die Dienstversammlung der Feuerwehr Burgau mit der L\u00f6schgruppe Gro\u00dfanhausen f\u00fcr das Kalenderjahr 2024 statt. 1. B\u00fcrgermeister<\/p>\n","protected":false},"author":7,"featured_media":4164,"comment_status":"closed","ping_status":"closed","sticky":false,"template":"","format":"standard","meta":{"colormag_page_container_layout":"default_layout","colormag_page_sidebar_layout":"default_layout","footnotes":""},"categories":[10],"tags":[],"class_list":["post-4163","post","type-post","status-publish","format-standard","has-post-thumbnail","hentry","category-information"],"_links":{"self":[{"href":"https:\/\/www.feuerwehr-burgau.de\/index.php\/wp-json\/wp\/v2\/posts\/4163","targetHints":{"allow":["GET"]}}],"collection":[{"href":"https:\/\/www.feuerwehr-burgau.de\/index.php\/wp-json\/wp\/v2\/posts"}],"about":[{"href":"https:\/\/www.feuerwehr-burgau.de\/index.php\/wp-json\/wp\/v2\/types\/post"}],"author":[{"embeddable":true,"href":"https:\/\/www.feuerwehr-burgau.de\/index.php\/wp-json\/wp\/v2\/users\/7"}],"replies":[{"embeddable":true,"href":"https:\/\/www.feuerwehr-burgau.de\/index.php\/wp-json\/wp\/v2\/comments?post=4163"}],"version-history":[{"count":4,"href":"https:\/\/www.feuerwehr-burgau.de\/index.php\/wp-json\/wp\/v2\/posts\/4163\/revisions"}],"predecessor-version":[{"id":4360,"href":"https:\/\/www.feuerwehr-burgau.de\/index.php\/wp-json\/wp\/v2\/posts\/4163\/revisions\/4360"}],"wp:featuredmedia":[{"embeddable":true,"href":"https:\/\/www.feuerwehr-burgau.de\/index.php\/wp-json\/wp\/v2\/media\/4164"}],"wp:attachment":[{"href":"https:\/\/www.feuerwehr-burgau.de\/index.php\/wp-json\/wp\/v2\/media?parent=4163"}],"wp:term":[{"taxonomy":"category","embeddable":true,"href":"https:\/\/www.feuerwehr-burgau.de\/index.php\/wp-json\/wp\/v2\/categories?post=4163"},{"taxonomy":"post_tag","embeddable":true,"href":"https:\/\/www.feuerwehr-burgau.de\/index.php\/wp-json\/wp\/v2\/tags?post=4163"}],"curies":[{"name":"wp","href":"https:\/\/api.w.org\/{rel}","templated":true}]}}