{"id":4043,"date":"2023-11-14T19:23:19","date_gmt":"2023-11-14T18:23:19","guid":{"rendered":"https:\/\/www.feuerwehr-burgau.de\/?p=4043"},"modified":"2024-06-20T15:48:51","modified_gmt":"2024-06-20T13:48:51","slug":"maschinistenuebung-und-neue-warntafel","status":"publish","type":"post","link":"https:\/\/www.feuerwehr-burgau.de\/index.php\/maschinistenuebung-und-neue-warntafel\/","title":{"rendered":"Maschinisten\u00fcbung und neue Warntafel"},"content":{"rendered":"\n<p>Neben unseren w\u00f6chentlichen \u00dcbungs- oder Arbeitsdiensten am Dienstagabend gibt es nat\u00fcrlich noch weitere Termine &#8211; so zum Beispiel die monatlich freitags stattfindende Maschinisten\u00fcbung. Hier treffen sich alle Kameraden, die die Weiterbildung zum &#8222;Maschinist f\u00fcr L\u00f6schfahrzeuge&#8220; absolviert haben und befassen sich mit der Handhabung und Feinheiten von vorhandenen oder neu angeschafften Ger\u00e4tschaften.<\/p>\n\n\n\n<p>Diesmal stand das Heben von schweren Lasten (in diesem Fall ein simuliertes Unfallfahrzeug) auf dem Programm. Um das unterschiedliche Hebeverhalten und auch die Spezifikationen anschaulich vergleichen zu k\u00f6nnen, setzten die Kameraden hierzu handhydraulische Heber (sog. &#8222;B\u00fcffelwinde&#8220;) und auch druckluftbetriebene Hebekissen ein. Wichtigster Schritt vorab war jedoch das Unterbauen des Fahrzeugs, um es gegen Wegrollen und pl\u00f6tzliches Absacken w\u00e4hrend des Hebevorgangs abzusichern.<\/p>\n\n\n\n<p>Ein weiterer Bestandteil der \u00dcbung war die Einweisung in die neue Vorwarntafel auf dem <a href=\"https:\/\/www.feuerwehr-burgau.de\/index.php\/ausruestung\/fahrzeuge\/geraetewagen-oel\/\" data-type=\"link\" data-id=\"https:\/\/www.feuerwehr-burgau.de\/index.php\/ausruestung\/fahrzeuge\/geraetewagen-oel\/\">Ger\u00e4tewagen \u00d6l<\/a>, die das bisherige st\u00f6ranf\u00e4llige Modell ersetzt. Die neue Warntafel kann bereits w\u00e4hrend der Fahrt automatisiert aufgeklappt werden und verf\u00fcgt im Gegensatz zum Vorg\u00e4ngermodell \u00fcber eine kabellose Funkfernbedienung. Die LED-Matrixanzeige ist frei programmierbar und kann verschiedenste Verkehrszeichen und Schriftz\u00fcge darstellen. Unser Dank gilt hierbei auch den Kameraden, die die neue Tafel in ihrer Freizeit vorbereitet, montiert und verkabelt haben. <\/p>\n\n\n\n<p>Die Vorwarntafel auf dem GW \u00d6l kommt standardm\u00e4\u00dfig bei Verkehrsunf\u00e4llen auf der BAB 8 zum Einsatz, um die Verkehrsteilnehmer bereits im Vorfeld auf ein Stau-Ende oder eine Unfallstelle, an der wir im Einsatz sind, hinzuweisen. So steigert sie (im Idealfall) unsere eigene Sicherheit an der Einsatzstelle und verhindert weitere Unf\u00e4lle im R\u00fcckstau.<\/p>\n\n\n\n<figure class=\"wp-block-gallery has-nested-images columns-default is-cropped wp-block-gallery-1 is-layout-flex wp-block-gallery-is-layout-flex\">\n<figure class=\"wp-block-image size-large\"><img loading=\"lazy\" decoding=\"async\" width=\"766\" height=\"1024\" data-id=\"4054\" src=\"https:\/\/www.feuerwehr-burgau.de\/wp-content\/uploads\/2023\/11\/1000030587-1-766x1024.jpg\" alt=\"\" class=\"wp-image-4054\" srcset=\"https:\/\/www.feuerwehr-burgau.de\/wp-content\/uploads\/2023\/11\/1000030587-1-766x1024.jpg 766w, https:\/\/www.feuerwehr-burgau.de\/wp-content\/uploads\/2023\/11\/1000030587-1-224x300.jpg 224w, https:\/\/www.feuerwehr-burgau.de\/wp-content\/uploads\/2023\/11\/1000030587-1-768x1027.jpg 768w, https:\/\/www.feuerwehr-burgau.de\/wp-content\/uploads\/2023\/11\/1000030587-1-1149x1536.jpg 1149w, https:\/\/www.feuerwehr-burgau.de\/wp-content\/uploads\/2023\/11\/1000030587-1-1532x2048.jpg 1532w, https:\/\/www.feuerwehr-burgau.de\/wp-content\/uploads\/2023\/11\/1000030587-1-scaled.jpg 1915w\" sizes=\"auto, (max-width: 766px) 100vw, 766px\" \/><figcaption class=\"wp-element-caption\">Hebekisseneinsatz<\/figcaption><\/figure>\n\n\n\n<figure class=\"wp-block-image size-large\"><img loading=\"lazy\" decoding=\"async\" width=\"766\" height=\"1024\" data-id=\"4047\" src=\"https:\/\/www.feuerwehr-burgau.de\/wp-content\/uploads\/2023\/11\/1000030577-766x1024.jpg\" alt=\"\" class=\"wp-image-4047\" srcset=\"https:\/\/www.feuerwehr-burgau.de\/wp-content\/uploads\/2023\/11\/1000030577-766x1024.jpg 766w, https:\/\/www.feuerwehr-burgau.de\/wp-content\/uploads\/2023\/11\/1000030577-224x300.jpg 224w, https:\/\/www.feuerwehr-burgau.de\/wp-content\/uploads\/2023\/11\/1000030577-768x1027.jpg 768w, https:\/\/www.feuerwehr-burgau.de\/wp-content\/uploads\/2023\/11\/1000030577-1149x1536.jpg 1149w, https:\/\/www.feuerwehr-burgau.de\/wp-content\/uploads\/2023\/11\/1000030577-1532x2048.jpg 1532w, https:\/\/www.feuerwehr-burgau.de\/wp-content\/uploads\/2023\/11\/1000030577-scaled.jpg 1915w\" sizes=\"auto, (max-width: 766px) 100vw, 766px\" \/><figcaption class=\"wp-element-caption\">B\u00fcffelwindeneinsatz<\/figcaption><\/figure>\n\n\n\n<figure class=\"wp-block-image size-large\"><img loading=\"lazy\" decoding=\"async\" width=\"766\" height=\"1024\" data-id=\"4050\" src=\"https:\/\/www.feuerwehr-burgau.de\/wp-content\/uploads\/2023\/11\/1000030848-766x1024.jpg\" alt=\"\" class=\"wp-image-4050\" srcset=\"https:\/\/www.feuerwehr-burgau.de\/wp-content\/uploads\/2023\/11\/1000030848-766x1024.jpg 766w, https:\/\/www.feuerwehr-burgau.de\/wp-content\/uploads\/2023\/11\/1000030848-224x300.jpg 224w, https:\/\/www.feuerwehr-burgau.de\/wp-content\/uploads\/2023\/11\/1000030848-768x1027.jpg 768w, https:\/\/www.feuerwehr-burgau.de\/wp-content\/uploads\/2023\/11\/1000030848-1149x1536.jpg 1149w, https:\/\/www.feuerwehr-burgau.de\/wp-content\/uploads\/2023\/11\/1000030848-1532x2048.jpg 1532w, https:\/\/www.feuerwehr-burgau.de\/wp-content\/uploads\/2023\/11\/1000030848-scaled.jpg 1915w\" sizes=\"auto, (max-width: 766px) 100vw, 766px\" \/><figcaption class=\"wp-element-caption\">Vorwarntafel<\/figcaption><\/figure>\n<\/figure>\n","protected":false},"excerpt":{"rendered":"<p>Neben unseren w\u00f6chentlichen \u00dcbungs- oder Arbeitsdiensten am Dienstagabend gibt es nat\u00fcrlich noch weitere Termine &#8211; so zum Beispiel die monatlich<\/p>\n","protected":false},"author":7,"featured_media":4053,"comment_status":"closed","ping_status":"closed","sticky":false,"template":"","format":"standard","meta":{"colormag_page_container_layout":"default_layout","colormag_page_sidebar_layout":"default_layout","footnotes":""},"categories":[49],"tags":[],"class_list":["post-4043","post","type-post","status-publish","format-standard","has-post-thumbnail","hentry","category-uebung"],"_links":{"self":[{"href":"https:\/\/www.feuerwehr-burgau.de\/index.php\/wp-json\/wp\/v2\/posts\/4043","targetHints":{"allow":["GET"]}}],"collection":[{"href":"https:\/\/www.feuerwehr-burgau.de\/index.php\/wp-json\/wp\/v2\/posts"}],"about":[{"href":"https:\/\/www.feuerwehr-burgau.de\/index.php\/wp-json\/wp\/v2\/types\/post"}],"author":[{"embeddable":true,"href":"https:\/\/www.feuerwehr-burgau.de\/index.php\/wp-json\/wp\/v2\/users\/7"}],"replies":[{"embeddable":true,"href":"https:\/\/www.feuerwehr-burgau.de\/index.php\/wp-json\/wp\/v2\/comments?post=4043"}],"version-history":[{"count":6,"href":"https:\/\/www.feuerwehr-burgau.de\/index.php\/wp-json\/wp\/v2\/posts\/4043\/revisions"}],"predecessor-version":[{"id":4363,"href":"https:\/\/www.feuerwehr-burgau.de\/index.php\/wp-json\/wp\/v2\/posts\/4043\/revisions\/4363"}],"wp:featuredmedia":[{"embeddable":true,"href":"https:\/\/www.feuerwehr-burgau.de\/index.php\/wp-json\/wp\/v2\/media\/4053"}],"wp:attachment":[{"href":"https:\/\/www.feuerwehr-burgau.de\/index.php\/wp-json\/wp\/v2\/media?parent=4043"}],"wp:term":[{"taxonomy":"category","embeddable":true,"href":"https:\/\/www.feuerwehr-burgau.de\/index.php\/wp-json\/wp\/v2\/categories?post=4043"},{"taxonomy":"post_tag","embeddable":true,"href":"https:\/\/www.feuerwehr-burgau.de\/index.php\/wp-json\/wp\/v2\/tags?post=4043"}],"curies":[{"name":"wp","href":"https:\/\/api.w.org\/{rel}","templated":true}]}}