{"id":3378,"date":"2023-01-09T11:55:54","date_gmt":"2023-01-09T10:55:54","guid":{"rendered":"https:\/\/www.feuerwehr-burgau.de\/?p=3378"},"modified":"2024-06-20T16:01:26","modified_gmt":"2024-06-20T14:01:26","slug":"neujahrsempfang-mit-ehrungsabend","status":"publish","type":"post","link":"https:\/\/www.feuerwehr-burgau.de\/index.php\/neujahrsempfang-mit-ehrungsabend\/","title":{"rendered":"Neujahrsempfang mit Ehrungsabend"},"content":{"rendered":"\n<p>Am vergangenen Donnerstag den 05.01.2023 fand in der Kapuzinerhalle der allj\u00e4hrliche Neujahrsempfang statt. Nach zweij\u00e4hriger Pause konnte dieser nun endlich wieder stattfinden und bot einen w\u00fcrdigen Rahmen f\u00fcr zahlreiche Ehrungen und Auszeichnungen.<\/p>\n\n\n\n<!--more-->\n<!--noteaser-->\n\n\n\n<p>Am vergangenen Donnerstag konnte nach pandemiebedingter Pause wieder ein Neujahrsempfang stattfinden. Da in den zur\u00fcckliegenden drei Jahren keine Versammlung der gesamten Wehr m\u00f6glich war, nutzte unsere Wehr- und Vereinsf\u00fchrung den Abend, um zahlreiche Ehrungen, Auszeichnungen und Bef\u00f6rderungen auszusprechen. Kreisbrandrat Stefan M\u00fcller \u00fcberbrachte zu Beginn nicht nur die Gr\u00fc\u00dfe des Kreisfeuerwehrverbandes, sondern auch den Dank des Landesfeuerwehrverbandes Bayern f\u00fcr die geleistete Unterst\u00fctzung der Feuerwehr Burgau beim Hilfskonvoi f\u00fcr die Ukraine und die Hochwasserhilfe im Ahrtal. Unser Feuerwehrkamerad, langj\u00e4hriger Kreisbrandrat und Vorg\u00e4nger von Stefan M\u00fcller, Robert Spiller, erhielt die silberne Ehrennadel des Kreisfeuerwehrverbandes f\u00fcr seine Verdienste auf Kreisebene.<\/p>\n\n\n\n<p>Anschlie\u00dfend begl\u00fcckw\u00fcnschte 1. Kommandant Hans-Peter Merz einige Kameraden zu runden Dienstjubil\u00e4en. So wurden insbesondere Josef Scheerer und Gerhard Maier jeweils f\u00fcr stolze 50 Jahre aktiven Dienst geehrt, eine Auszeichnung, die nicht vielen Feuerwehrangeh\u00f6rigen zuteil wird. Aufgrund zahlreicher absolvierter Lehrg\u00e4nge und Fortbildungen sowie der entsprechenden Dienstjahre sprach unser Kommandant au\u00dferdem eine Vielzahl an Bef\u00f6rderungen zu Hauptfeuerwehrm\u00e4nnern, L\u00f6schmeistern, Oberl\u00f6schmeistern u.v.m. aus. Vereinsvorstand Johann Tippel \u00fcberreichte zudem einigen Geehrten die Urkunden f\u00fcr langj\u00e4hrige Vereinszugeh\u00f6rigkeit. Dritter B\u00fcrgermeister und Feuerwehrreferent Herbert Blaschke dankte zu guter Letzt in einem Gru\u00dfwort allen anwesenden Feuerwehrleuten f\u00fcr ihren Dienst bei gro\u00dfen oder kleinen Eins\u00e4tzen und die jederzeit vorhandene Bereitschaft, f\u00fcr die B\u00fcrger und die Stadt Burgau in der Not zur Verf\u00fcgung zu stehen. Er verband damit auch die Hoffnung, dass Angriffe auf Einsatzkr\u00e4fte, wie in der zur\u00fcckliegenden Silvesternacht in Berlin, ein Einzelfall bleiben und die Feuerwehren in unserer Region auch zuk\u00fcnftig davon verschont bleiben.<\/p>\n","protected":false},"excerpt":{"rendered":"<p>Am vergangenen Donnerstag den 05.01.2023 fand in der Kapuzinerhalle der allj\u00e4hrliche Neujahrsempfang statt. Nach zweij\u00e4hriger Pause konnte dieser nun endlich<\/p>\n","protected":false},"author":7,"featured_media":3381,"comment_status":"closed","ping_status":"closed","sticky":false,"template":"","format":"standard","meta":{"colormag_page_container_layout":"default_layout","colormag_page_sidebar_layout":"default_layout","footnotes":""},"categories":[10],"tags":[],"class_list":["post-3378","post","type-post","status-publish","format-standard","has-post-thumbnail","hentry","category-information"],"_links":{"self":[{"href":"https:\/\/www.feuerwehr-burgau.de\/index.php\/wp-json\/wp\/v2\/posts\/3378","targetHints":{"allow":["GET"]}}],"collection":[{"href":"https:\/\/www.feuerwehr-burgau.de\/index.php\/wp-json\/wp\/v2\/posts"}],"about":[{"href":"https:\/\/www.feuerwehr-burgau.de\/index.php\/wp-json\/wp\/v2\/types\/post"}],"author":[{"embeddable":true,"href":"https:\/\/www.feuerwehr-burgau.de\/index.php\/wp-json\/wp\/v2\/users\/7"}],"replies":[{"embeddable":true,"href":"https:\/\/www.feuerwehr-burgau.de\/index.php\/wp-json\/wp\/v2\/comments?post=3378"}],"version-history":[{"count":15,"href":"https:\/\/www.feuerwehr-burgau.de\/index.php\/wp-json\/wp\/v2\/posts\/3378\/revisions"}],"predecessor-version":[{"id":4385,"href":"https:\/\/www.feuerwehr-burgau.de\/index.php\/wp-json\/wp\/v2\/posts\/3378\/revisions\/4385"}],"wp:featuredmedia":[{"embeddable":true,"href":"https:\/\/www.feuerwehr-burgau.de\/index.php\/wp-json\/wp\/v2\/media\/3381"}],"wp:attachment":[{"href":"https:\/\/www.feuerwehr-burgau.de\/index.php\/wp-json\/wp\/v2\/media?parent=3378"}],"wp:term":[{"taxonomy":"category","embeddable":true,"href":"https:\/\/www.feuerwehr-burgau.de\/index.php\/wp-json\/wp\/v2\/categories?post=3378"},{"taxonomy":"post_tag","embeddable":true,"href":"https:\/\/www.feuerwehr-burgau.de\/index.php\/wp-json\/wp\/v2\/tags?post=3378"}],"curies":[{"name":"wp","href":"https:\/\/api.w.org\/{rel}","templated":true}]}}