{"id":3116,"date":"2022-10-14T16:04:17","date_gmt":"2022-10-14T14:04:17","guid":{"rendered":"https:\/\/www.feuerwehr-burgau.de\/?p=3116"},"modified":"2024-07-02T15:33:57","modified_gmt":"2024-07-02T13:33:57","slug":"rettung-aus-tiefen-uebung","status":"publish","type":"post","link":"https:\/\/www.feuerwehr-burgau.de\/index.php\/rettung-aus-tiefen-uebung\/","title":{"rendered":"Rettung aus Tiefen &#8211; \u00dcbung"},"content":{"rendered":"<p>Unsere Maschinisten \u00fcbten den Einsatz unseres <a href=\"https:\/\/www.feuerwehr-burgau.de\/index.php\/ausruestung\/fahrzeuge\/wechsellader-1\/\">Kranes<\/a>. In diesem Fall war eine Person in eine Grube gest\u00fcrzt und musste geborgen werden. Die Schwierigkeit: der Aktionsraum war sehr beengt &#8211; um den Kran passend platzieren zu k\u00f6nnen, musste der Kranf\u00fchrer Geschick beweisen.<!--more-->Einer unserer Kr\u00e4fte wurde in die Grube abgeseilt um die verungl\u00fcckte Person, in diesem Fall unsere \u00dcbungspuppe, mittels Trage zu retten.<\/p>\n<p>Durch regelm\u00e4\u00dfiges \u00dcben unterschiedlicher Szenarien bereiten wir uns auf m\u00f6gliche Ernstf\u00e4lle vor. Die Routine, ein geschultes Auge f\u00fcr die Umgebung und das Vertrauen in uns und unsere Technik sorgen f\u00fcr reibungslose Abl\u00e4ufe.<\/p>\n<p><img loading=\"lazy\" decoding=\"async\" class=\"alignleft  wp-image-3117\" src=\"https:\/\/www.feuerwehr-burgau.de\/wp-content\/uploads\/2022\/10\/IMG_20220923_174211-1024x766.jpg\" alt=\"\" width=\"600\" height=\"449\" srcset=\"https:\/\/www.feuerwehr-burgau.de\/wp-content\/uploads\/2022\/10\/IMG_20220923_174211-1024x766.jpg 1024w, https:\/\/www.feuerwehr-burgau.de\/wp-content\/uploads\/2022\/10\/IMG_20220923_174211-300x224.jpg 300w, https:\/\/www.feuerwehr-burgau.de\/wp-content\/uploads\/2022\/10\/IMG_20220923_174211-768x574.jpg 768w, https:\/\/www.feuerwehr-burgau.de\/wp-content\/uploads\/2022\/10\/IMG_20220923_174211-1536x1149.jpg 1536w, https:\/\/www.feuerwehr-burgau.de\/wp-content\/uploads\/2022\/10\/IMG_20220923_174211-2048x1532.jpg 2048w\" sizes=\"auto, (max-width: 600px) 100vw, 600px\" \/> <img loading=\"lazy\" decoding=\"async\" class=\"alignleft  wp-image-3118\" src=\"https:\/\/www.feuerwehr-burgau.de\/wp-content\/uploads\/2022\/10\/IMG_20220923_174648_cut-759x1024.jpg\" alt=\"\" width=\"600\" height=\"809\" srcset=\"https:\/\/www.feuerwehr-burgau.de\/wp-content\/uploads\/2022\/10\/IMG_20220923_174648_cut-759x1024.jpg 759w, https:\/\/www.feuerwehr-burgau.de\/wp-content\/uploads\/2022\/10\/IMG_20220923_174648_cut-222x300.jpg 222w, https:\/\/www.feuerwehr-burgau.de\/wp-content\/uploads\/2022\/10\/IMG_20220923_174648_cut-768x1036.jpg 768w, https:\/\/www.feuerwehr-burgau.de\/wp-content\/uploads\/2022\/10\/IMG_20220923_174648_cut-1138x1536.jpg 1138w, https:\/\/www.feuerwehr-burgau.de\/wp-content\/uploads\/2022\/10\/IMG_20220923_174648_cut-1518x2048.jpg 1518w, https:\/\/www.feuerwehr-burgau.de\/wp-content\/uploads\/2022\/10\/IMG_20220923_174648_cut-scaled.jpg 1897w\" sizes=\"auto, (max-width: 600px) 100vw, 600px\" \/><\/p>\n","protected":false},"excerpt":{"rendered":"<p>Unsere Maschinisten \u00fcbten den Einsatz unseres Kranes. In diesem Fall war eine Person in eine Grube gest\u00fcrzt und musste geborgen<\/p>\n","protected":false},"author":2,"featured_media":3119,"comment_status":"closed","ping_status":"closed","sticky":false,"template":"","format":"standard","meta":{"colormag_page_container_layout":"default_layout","colormag_page_sidebar_layout":"default_layout","footnotes":""},"categories":[49],"tags":[],"class_list":["post-3116","post","type-post","status-publish","format-standard","has-post-thumbnail","hentry","category-uebung"],"_links":{"self":[{"href":"https:\/\/www.feuerwehr-burgau.de\/index.php\/wp-json\/wp\/v2\/posts\/3116","targetHints":{"allow":["GET"]}}],"collection":[{"href":"https:\/\/www.feuerwehr-burgau.de\/index.php\/wp-json\/wp\/v2\/posts"}],"about":[{"href":"https:\/\/www.feuerwehr-burgau.de\/index.php\/wp-json\/wp\/v2\/types\/post"}],"author":[{"embeddable":true,"href":"https:\/\/www.feuerwehr-burgau.de\/index.php\/wp-json\/wp\/v2\/users\/2"}],"replies":[{"embeddable":true,"href":"https:\/\/www.feuerwehr-burgau.de\/index.php\/wp-json\/wp\/v2\/comments?post=3116"}],"version-history":[{"count":10,"href":"https:\/\/www.feuerwehr-burgau.de\/index.php\/wp-json\/wp\/v2\/posts\/3116\/revisions"}],"predecessor-version":[{"id":4389,"href":"https:\/\/www.feuerwehr-burgau.de\/index.php\/wp-json\/wp\/v2\/posts\/3116\/revisions\/4389"}],"wp:featuredmedia":[{"embeddable":true,"href":"https:\/\/www.feuerwehr-burgau.de\/index.php\/wp-json\/wp\/v2\/media\/3119"}],"wp:attachment":[{"href":"https:\/\/www.feuerwehr-burgau.de\/index.php\/wp-json\/wp\/v2\/media?parent=3116"}],"wp:term":[{"taxonomy":"category","embeddable":true,"href":"https:\/\/www.feuerwehr-burgau.de\/index.php\/wp-json\/wp\/v2\/categories?post=3116"},{"taxonomy":"post_tag","embeddable":true,"href":"https:\/\/www.feuerwehr-burgau.de\/index.php\/wp-json\/wp\/v2\/tags?post=3116"}],"curies":[{"name":"wp","href":"https:\/\/api.w.org\/{rel}","templated":true}]}}