{"id":3092,"date":"2022-05-23T19:46:17","date_gmt":"2022-05-23T17:46:17","guid":{"rendered":"https:\/\/www.feuerwehr-burgau.de\/?p=3092"},"modified":"2024-07-02T15:35:47","modified_gmt":"2024-07-02T13:35:47","slug":"sicherheitswache-beim-tag-der-offenen-tuer-roma","status":"publish","type":"post","link":"https:\/\/www.feuerwehr-burgau.de\/index.php\/sicherheitswache-beim-tag-der-offenen-tuer-roma\/","title":{"rendered":"Sicherheitswache beim Tag der offenen T\u00fcr &#8211; Roma"},"content":{"rendered":"\n<p>Am Sonntag, den 22.05.2022 durften wir den &#8222;Tag der offenen T\u00fcr&#8220; der Firma <a href=\"https:\/\/www.roma.de\/\" target=\"_blank\" rel=\"noopener\">Roma<\/a> begleiten. Wir \u00fcbernahmen hierf\u00fcr den Brandschutz im Rahmen einer Sicherheitswache auf dem Werksgel\u00e4nde. F\u00fcr diese Aufgabe eignete sich unser neues <a href=\"https:\/\/www.feuerwehr-burgau.de\/index.php\/ausruestung\/fahrzeuge\/kleinloeschfahrzeug\/\" target=\"_blank\" rel=\"noopener\">Kleinl\u00f6schfahrzeug<\/a> perfekt, da es verglichen mit den Gro\u00dfl\u00f6schfahrzeugen sehr wendig ist. So k\u00f6nnen Einsatzstellen angefahren werden, die aufgrund der \u00f6rtlichen Umst\u00e4nde nur \u00e4u\u00dferst schwierig zu erreichen sind. Ein qualmender Aschenbecher konnte bereits kurz nach dem eingehenden Funkspruch gel\u00f6scht werden.<\/p>\n\n\n\n<figure class=\"wp-block-image aligncenter\"><img loading=\"lazy\" decoding=\"async\" width=\"1024\" height=\"863\" src=\"https:\/\/www.feuerwehr-burgau.de\/wp-content\/uploads\/2022\/05\/IMG_3117-1024x863.jpeg\" alt=\"\" class=\"wp-image-3097\" srcset=\"https:\/\/www.feuerwehr-burgau.de\/wp-content\/uploads\/2022\/05\/IMG_3117-1024x863.jpeg 1024w, https:\/\/www.feuerwehr-burgau.de\/wp-content\/uploads\/2022\/05\/IMG_3117-300x253.jpeg 300w, https:\/\/www.feuerwehr-burgau.de\/wp-content\/uploads\/2022\/05\/IMG_3117-768x647.jpeg 768w, https:\/\/www.feuerwehr-burgau.de\/wp-content\/uploads\/2022\/05\/IMG_3117-1536x1295.jpeg 1536w, https:\/\/www.feuerwehr-burgau.de\/wp-content\/uploads\/2022\/05\/IMG_3117.jpeg 1822w\" sizes=\"auto, (max-width: 1024px) 100vw, 1024px\" \/><\/figure>\n\n\n\n<p>Zus\u00e4tzlich sicherten wir die Zufahrten und \u00fcbernahmen die Parkplatzeinweisung.<\/p>\n\n\n\n<p>Die rettungsdienstliche Betreuung wurde durch die <a href=\"https:\/\/paramedic-ambulanz.de\/\" target=\"_blank\" rel=\"noopener\">Paramedic-Amublanz Kirchheim<\/a> <em>(externer Link)<\/em> realisiert.<\/p>\n\n\n\n<p>Sicherlich waren auch unsere Fahrzeuge eine Attraktion f\u00fcr Gro\u00df und Klein. Wir bedanken uns bei allen Besuchern und der Firma Roma f\u00fcr den reibungslosen Ablauf.<\/p>\n","protected":false},"excerpt":{"rendered":"<p>Am Sonntag, den 22.05.2022 durften wir den &#8222;Tag der offenen T\u00fcr&#8220; der Firma Roma begleiten. Wir \u00fcbernahmen hierf\u00fcr den Brandschutz<\/p>\n","protected":false},"author":2,"featured_media":3095,"comment_status":"closed","ping_status":"closed","sticky":false,"template":"","format":"standard","meta":{"colormag_page_container_layout":"default_layout","colormag_page_sidebar_layout":"default_layout","footnotes":""},"categories":[10],"tags":[],"class_list":["post-3092","post","type-post","status-publish","format-standard","has-post-thumbnail","hentry","category-information"],"_links":{"self":[{"href":"https:\/\/www.feuerwehr-burgau.de\/index.php\/wp-json\/wp\/v2\/posts\/3092","targetHints":{"allow":["GET"]}}],"collection":[{"href":"https:\/\/www.feuerwehr-burgau.de\/index.php\/wp-json\/wp\/v2\/posts"}],"about":[{"href":"https:\/\/www.feuerwehr-burgau.de\/index.php\/wp-json\/wp\/v2\/types\/post"}],"author":[{"embeddable":true,"href":"https:\/\/www.feuerwehr-burgau.de\/index.php\/wp-json\/wp\/v2\/users\/2"}],"replies":[{"embeddable":true,"href":"https:\/\/www.feuerwehr-burgau.de\/index.php\/wp-json\/wp\/v2\/comments?post=3092"}],"version-history":[{"count":13,"href":"https:\/\/www.feuerwehr-burgau.de\/index.php\/wp-json\/wp\/v2\/posts\/3092\/revisions"}],"predecessor-version":[{"id":4393,"href":"https:\/\/www.feuerwehr-burgau.de\/index.php\/wp-json\/wp\/v2\/posts\/3092\/revisions\/4393"}],"wp:featuredmedia":[{"embeddable":true,"href":"https:\/\/www.feuerwehr-burgau.de\/index.php\/wp-json\/wp\/v2\/media\/3095"}],"wp:attachment":[{"href":"https:\/\/www.feuerwehr-burgau.de\/index.php\/wp-json\/wp\/v2\/media?parent=3092"}],"wp:term":[{"taxonomy":"category","embeddable":true,"href":"https:\/\/www.feuerwehr-burgau.de\/index.php\/wp-json\/wp\/v2\/categories?post=3092"},{"taxonomy":"post_tag","embeddable":true,"href":"https:\/\/www.feuerwehr-burgau.de\/index.php\/wp-json\/wp\/v2\/tags?post=3092"}],"curies":[{"name":"wp","href":"https:\/\/api.w.org\/{rel}","templated":true}]}}