{"id":2591,"date":"2019-10-23T17:50:09","date_gmt":"2019-10-23T15:50:09","guid":{"rendered":"https:\/\/www.feuerwehr-burgau.de\/?p=2591"},"modified":"2024-07-02T16:02:38","modified_gmt":"2024-07-02T14:02:38","slug":"abschluss-der-modularen-truppmannausbildung","status":"publish","type":"post","link":"https:\/\/www.feuerwehr-burgau.de\/index.php\/abschluss-der-modularen-truppmannausbildung\/","title":{"rendered":"Abschluss der modularen Truppmannausbildung"},"content":{"rendered":"\n<p>In zahlreichen \u00dcbungs- und Schulungsstunden absolvierten angehende Feuerwehrkr\u00e4fte die Truppmannausbildung. <\/p>\n\n\n\n<p>Dies ist die feuerwehrtechnische Grundausbildung, sie beinhaltet alle grundlegenden Ausbildungsinhalte f\u00fcr den aktiven Feuerwehrdienst. Zahlreiche Teilnehmer aus den Feuerwehren Burgau, Unterkn\u00f6ringen, Oberkn\u00f6ringen und Limbach schlossen diesen Lehrgang am Montag, den 21.10.2019, mit einer theoretischen und praktischen Pr\u00fcfung erfolgreich ab.<\/p>\n\n\n\n<p>Die zu pr\u00fcfenden Ausbildungsinhalte wurden hierzu ausgelost. Dabei konnten folgende Inhalte zuf\u00e4llig gezogen werden.<\/p>\n\n\n\n<ul class=\"wp-block-list\">\n<li>Auffinden einer bewusstlosen Person<\/li>\n\n\n\n<li>Knoten: Brustbund, Mastwurf mit Halbschlag, Mastwurf gestochen<\/li>\n\n\n\n<li>Schlauchbr\u00fccke legen<\/li>\n\n\n\n<li>Standrohr setzen<\/li>\n\n\n\n<li>Bedienung der Funkger\u00e4te<\/li>\n<\/ul>\n\n\n\n<figure class=\"wp-block-gallery has-nested-images columns-3 is-cropped wp-block-gallery-1 is-layout-flex wp-block-gallery-is-layout-flex\">\n<figure class=\"wp-block-image size-large\"><a href=\"https:\/\/www.feuerwehr-burgau.de\/index.php\/2019\/10\/23\/abschluss-der-modularen-truppmannausbildung\/img_20191021_201848\/\"><img loading=\"lazy\" decoding=\"async\" width=\"768\" height=\"1024\" data-id=\"2594\" src=\"https:\/\/www.feuerwehr-burgau.de\/wp-content\/uploads\/2019\/10\/IMG_20191021_201848-768x1024.jpg\" alt=\"\" class=\"wp-image-2594\"\/><\/a><\/figure>\n\n\n\n<figure class=\"wp-block-image size-large\"><a href=\"https:\/\/www.feuerwehr-burgau.de\/index.php\/2019\/10\/23\/abschluss-der-modularen-truppmannausbildung\/img_20191021_202048\/\"><img loading=\"lazy\" decoding=\"async\" width=\"768\" height=\"1024\" data-id=\"2595\" src=\"https:\/\/www.feuerwehr-burgau.de\/wp-content\/uploads\/2019\/10\/IMG_20191021_202048-768x1024.jpg\" alt=\"\" class=\"wp-image-2595\"\/><\/a><\/figure>\n\n\n\n<figure class=\"wp-block-image size-large\"><a href=\"https:\/\/www.feuerwehr-burgau.de\/index.php\/2019\/10\/23\/abschluss-der-modularen-truppmannausbildung\/img_20191021_202119\/\"><img loading=\"lazy\" decoding=\"async\" width=\"768\" height=\"1024\" data-id=\"2596\" src=\"https:\/\/www.feuerwehr-burgau.de\/wp-content\/uploads\/2019\/10\/IMG_20191021_202119-768x1024.jpg\" alt=\"\" class=\"wp-image-2596\"\/><\/a><\/figure>\n\n\n\n<figure class=\"wp-block-image size-large\"><a href=\"https:\/\/www.feuerwehr-burgau.de\/index.php\/2019\/10\/23\/abschluss-der-modularen-truppmannausbildung\/img_20191021_211710\/\"><img loading=\"lazy\" decoding=\"async\" width=\"768\" height=\"1024\" data-id=\"2597\" src=\"https:\/\/www.feuerwehr-burgau.de\/wp-content\/uploads\/2019\/10\/IMG_20191021_211710-768x1024.jpg\" alt=\"\" class=\"wp-image-2597\"\/><\/a><\/figure>\n\n\n\n<figure class=\"wp-block-image size-large\"><a href=\"https:\/\/www.feuerwehr-burgau.de\/index.php\/2019\/10\/23\/abschluss-der-modularen-truppmannausbildung\/img_20191021_212647\/\"><img loading=\"lazy\" decoding=\"async\" width=\"768\" height=\"1024\" data-id=\"2598\" src=\"https:\/\/www.feuerwehr-burgau.de\/wp-content\/uploads\/2019\/10\/IMG_20191021_212647-768x1024.jpg\" alt=\"\" class=\"wp-image-2598\"\/><\/a><\/figure>\n\n\n\n<figure class=\"wp-block-image size-large\"><a href=\"https:\/\/www.feuerwehr-burgau.de\/index.php\/2019\/10\/23\/abschluss-der-modularen-truppmannausbildung\/20191021_221753\/\"><img loading=\"lazy\" decoding=\"async\" width=\"1024\" height=\"768\" data-id=\"2593\" src=\"https:\/\/www.feuerwehr-burgau.de\/wp-content\/uploads\/2019\/10\/20191021_221753-1024x768.jpg\" alt=\"\" class=\"wp-image-2593\"\/><\/a><\/figure>\n<\/figure>\n","protected":false},"excerpt":{"rendered":"<p>In zahlreichen \u00dcbungs- und Schulungsstunden absolvierten angehende Feuerwehrkr\u00e4fte die Truppmannausbildung. Dies ist die feuerwehrtechnische Grundausbildung, sie beinhaltet alle grundlegenden Ausbildungsinhalte<\/p>\n","protected":false},"author":2,"featured_media":2593,"comment_status":"closed","ping_status":"closed","sticky":false,"template":"","format":"standard","meta":{"colormag_page_container_layout":"default_layout","colormag_page_sidebar_layout":"default_layout","footnotes":""},"categories":[10,5],"tags":[],"class_list":["post-2591","post","type-post","status-publish","format-standard","has-post-thumbnail","hentry","category-information","category-lehrgang"],"_links":{"self":[{"href":"https:\/\/www.feuerwehr-burgau.de\/index.php\/wp-json\/wp\/v2\/posts\/2591","targetHints":{"allow":["GET"]}}],"collection":[{"href":"https:\/\/www.feuerwehr-burgau.de\/index.php\/wp-json\/wp\/v2\/posts"}],"about":[{"href":"https:\/\/www.feuerwehr-burgau.de\/index.php\/wp-json\/wp\/v2\/types\/post"}],"author":[{"embeddable":true,"href":"https:\/\/www.feuerwehr-burgau.de\/index.php\/wp-json\/wp\/v2\/users\/2"}],"replies":[{"embeddable":true,"href":"https:\/\/www.feuerwehr-burgau.de\/index.php\/wp-json\/wp\/v2\/comments?post=2591"}],"version-history":[{"count":6,"href":"https:\/\/www.feuerwehr-burgau.de\/index.php\/wp-json\/wp\/v2\/posts\/2591\/revisions"}],"predecessor-version":[{"id":4417,"href":"https:\/\/www.feuerwehr-burgau.de\/index.php\/wp-json\/wp\/v2\/posts\/2591\/revisions\/4417"}],"wp:featuredmedia":[{"embeddable":true,"href":"https:\/\/www.feuerwehr-burgau.de\/index.php\/wp-json\/wp\/v2\/media\/2593"}],"wp:attachment":[{"href":"https:\/\/www.feuerwehr-burgau.de\/index.php\/wp-json\/wp\/v2\/media?parent=2591"}],"wp:term":[{"taxonomy":"category","embeddable":true,"href":"https:\/\/www.feuerwehr-burgau.de\/index.php\/wp-json\/wp\/v2\/categories?post=2591"},{"taxonomy":"post_tag","embeddable":true,"href":"https:\/\/www.feuerwehr-burgau.de\/index.php\/wp-json\/wp\/v2\/tags?post=2591"}],"curies":[{"name":"wp","href":"https:\/\/api.w.org\/{rel}","templated":true}]}}