{"id":2374,"date":"2019-02-12T19:30:46","date_gmt":"2019-02-12T18:30:46","guid":{"rendered":"https:\/\/www.feuerwehr-burgau.de\/?p=2374"},"modified":"2023-01-19T12:03:02","modified_gmt":"2023-01-19T11:03:02","slug":"dienstversammlung-2019","status":"publish","type":"post","link":"https:\/\/www.feuerwehr-burgau.de\/index.php\/dienstversammlung-2019\/","title":{"rendered":"Dienstversammlung 2019"},"content":{"rendered":"<p><em>12.02.2019<\/em><\/p>\n<p>Bei der diesj\u00e4hrigen Dienstversammlung am 08.02.2019 stand unter anderem die Wahl des stellvertretenden Kommandanten auf der Tagesordnung. <!--more-->Dabei wurde von der \u00c4nderung des bayerischen Feuerwehrgesetzes Gebrauch gemacht. Dieses erlaubt es, nun zwei Stellvertreter zu w\u00e4hlen. Dadurch wird das Amt des Kommandanten zus\u00e4tzlich entlastet und kann auch bei Urlaub oder Krankheit zuverl\u00e4ssig ausgef\u00fchrt werden.<br \/>\nWir w\u00fcnschen den beiden neu gew\u00e4hlten Stellvertretern, Christian Schneider und Matthias Imminger, einen guten Start.<br \/>\nHerzlicher Dank gilt dem scheidenden zweiten Kommandanten, Thomas Kiechle, welcher nach einer Amtszeit von 12 Jahren nicht mehr zur Wahl angetreten war.<\/p>\n<p>Im Zuge der Versammlung wurden folgende Kameraden f\u00fcr ihre langj\u00e4hrige aktive Dienstzeit geehrt:<br \/>\n10 Jahre: Thomas Berger, Alexander Graf, Nicolaj Zech<br \/>\n20 Jahre: Michael Maier<br \/>\n25 Jahre: Markus Maier, Michael Kleinberg<br \/>\n30 Jahre: Manfred Amman, Hans Johemik<\/p>\n<p>Des weiteren erhielten die folgenden Kameraden eine Bef\u00f6rderung:<br \/>\nOberfeuerwehrmann: Tobias Paulheim, Stefan Weber, Alexander Baraldo<br \/>\nHauptfeuerwehrmann: G\u00fcnter Eser, Rainer Hammer, Harald Keller, Daniel Spiller<br \/>\nL\u00f6schmeister: Thomas Berger, Heinz Leihkauff<\/p>\n<figure id=\"attachment_2376\" aria-describedby=\"caption-attachment-2376\" style=\"width: 940px\" class=\"wp-caption alignnone\"><img loading=\"lazy\" decoding=\"async\" class=\"wp-image-2376 size-full\" src=\"https:\/\/www.feuerwehr-burgau.de\/wp-content\/uploads\/2019\/02\/Copy-20of-208E1A7172-7.jpg\" alt=\"\" width=\"940\" height=\"626\" srcset=\"https:\/\/www.feuerwehr-burgau.de\/wp-content\/uploads\/2019\/02\/Copy-20of-208E1A7172-7.jpg 940w, https:\/\/www.feuerwehr-burgau.de\/wp-content\/uploads\/2019\/02\/Copy-20of-208E1A7172-7-300x200.jpg 300w, https:\/\/www.feuerwehr-burgau.de\/wp-content\/uploads\/2019\/02\/Copy-20of-208E1A7172-7-768x511.jpg 768w, https:\/\/www.feuerwehr-burgau.de\/wp-content\/uploads\/2019\/02\/Copy-20of-208E1A7172-7-272x182.jpg 272w\" sizes=\"auto, (max-width: 940px) 100vw, 940px\" \/><figcaption id=\"caption-attachment-2376\" class=\"wp-caption-text\">Bild: Peter Wieser<\/figcaption><\/figure>\n<p><a href=\"https:\/\/www.augsburger-allgemeine.de\/guenzburg\/Feuerwehrkommandant-hat-jetzt-zwei-Stellvertreter-id53459671.html\" target=\"_blank\" rel=\"noopener\">Bericht der G\u00fcnzburger Zeitung<\/a><\/p>\n","protected":false},"excerpt":{"rendered":"<p>12.02.2019 Bei der diesj\u00e4hrigen Dienstversammlung am 08.02.2019 stand unter anderem die Wahl des stellvertretenden Kommandanten auf der Tagesordnung.<\/p>\n","protected":false},"author":2,"featured_media":2375,"comment_status":"closed","ping_status":"closed","sticky":false,"template":"","format":"standard","meta":{"colormag_page_container_layout":"default_layout","colormag_page_sidebar_layout":"default_layout","footnotes":""},"categories":[10],"tags":[],"class_list":["post-2374","post","type-post","status-publish","format-standard","has-post-thumbnail","hentry","category-information"],"_links":{"self":[{"href":"https:\/\/www.feuerwehr-burgau.de\/index.php\/wp-json\/wp\/v2\/posts\/2374","targetHints":{"allow":["GET"]}}],"collection":[{"href":"https:\/\/www.feuerwehr-burgau.de\/index.php\/wp-json\/wp\/v2\/posts"}],"about":[{"href":"https:\/\/www.feuerwehr-burgau.de\/index.php\/wp-json\/wp\/v2\/types\/post"}],"author":[{"embeddable":true,"href":"https:\/\/www.feuerwehr-burgau.de\/index.php\/wp-json\/wp\/v2\/users\/2"}],"replies":[{"embeddable":true,"href":"https:\/\/www.feuerwehr-burgau.de\/index.php\/wp-json\/wp\/v2\/comments?post=2374"}],"version-history":[{"count":12,"href":"https:\/\/www.feuerwehr-burgau.de\/index.php\/wp-json\/wp\/v2\/posts\/2374\/revisions"}],"predecessor-version":[{"id":3564,"href":"https:\/\/www.feuerwehr-burgau.de\/index.php\/wp-json\/wp\/v2\/posts\/2374\/revisions\/3564"}],"wp:featuredmedia":[{"embeddable":true,"href":"https:\/\/www.feuerwehr-burgau.de\/index.php\/wp-json\/wp\/v2\/media\/2375"}],"wp:attachment":[{"href":"https:\/\/www.feuerwehr-burgau.de\/index.php\/wp-json\/wp\/v2\/media?parent=2374"}],"wp:term":[{"taxonomy":"category","embeddable":true,"href":"https:\/\/www.feuerwehr-burgau.de\/index.php\/wp-json\/wp\/v2\/categories?post=2374"},{"taxonomy":"post_tag","embeddable":true,"href":"https:\/\/www.feuerwehr-burgau.de\/index.php\/wp-json\/wp\/v2\/tags?post=2374"}],"curies":[{"name":"wp","href":"https:\/\/api.w.org\/{rel}","templated":true}]}}